[{"@context":"https:\/\/schema.org\/","@type":"Article","@id":"https:\/\/www.basalt.sk\/k-zene-patria-aj-tradicne-sperky\/#Article","mainEntityOfPage":"https:\/\/www.basalt.sk\/k-zene-patria-aj-tradicne-sperky\/","headline":"K \u017eene patria aj tradi\u010dn\u00e9 \u0161perky","name":"K \u017eene patria aj tradi\u010dn\u00e9 \u0161perky","description":"Kr\u00e1sa \u017eeny je tradi\u010dne spojovan\u00e1 nielen s kr\u00e1snym telom, tv\u00e1rou, vlasmi, ale aj s oble\u010den\u00edm, obuvou a doplnkami, medzi ktor\u00e9 u\u017e tradi\u010dne patria aj \u0161perky. Pr\u00e1ve tie podtrhuj\u00fa a e\u0161te viac zv\u00fdraz\u0148uj\u00fa kr\u00e1su a dokonalos\u0165 a s\u00fa vhodn\u00e9 na ka\u017ed\u00fa pr\u00edle\u017eitos\u0165. Neexistuje sn\u00e1\u010f de\u0148, aby si \u017eena nevzala aspo\u0148 jeden zo svojich ob\u013e\u00faben\u00fdch \u0161perkov. Niektor\u00e9 [&hellip;]","datePublished":"2018-08-27","dateModified":"2018-08-27","author":{"@type":"Person","@id":"https:\/\/www.basalt.sk\/author\/#Person","name":"","url":"https:\/\/www.basalt.sk\/author\/","identifier":1,"image":{"@type":"ImageObject","@id":"https:\/\/secure.gravatar.com\/avatar\/edf965aa5e6319b22667bed24bb070a38fc0326fd1c728db50dc1d860a4a16ad?s=96&d=mm&r=g","url":"https:\/\/secure.gravatar.com\/avatar\/edf965aa5e6319b22667bed24bb070a38fc0326fd1c728db50dc1d860a4a16ad?s=96&d=mm&r=g","height":96,"width":96}},"publisher":{"@type":"Organization","name":"basalt.sk","logo":{"@type":"ImageObject","@id":"\/logo.png","url":"\/logo.png","width":600,"height":60}},"image":{"@type":"ImageObject","@id":"https:\/\/www.basalt.sk\/wp-content\/uploads\/img_a290284_w16536_t1534408877.jpg","url":"https:\/\/www.basalt.sk\/wp-content\/uploads\/img_a290284_w16536_t1534408877.jpg","height":0,"width":0},"url":"https:\/\/www.basalt.sk\/k-zene-patria-aj-tradicne-sperky\/","wordCount":391,"articleBody":"   Kr\u00e1sa \u017eeny je tradi\u010dne spojovan\u00e1 nielen s kr\u00e1snym telom, tv\u00e1rou, vlasmi, ale aj s oble\u010den\u00edm, obuvou a doplnkami, medzi ktor\u00e9 u\u017e tradi\u010dne patria aj \u0161perky.  Pr\u00e1ve tie podtrhuj\u00fa a e\u0161te viac zv\u00fdraz\u0148uj\u00fa kr\u00e1su a dokonalos\u0165 a s\u00fa vhodn\u00e9 na ka\u017ed\u00fa pr\u00edle\u017eitos\u0165. Neexistuje sn\u00e1\u010f de\u0148, aby si \u017eena nevzala aspo\u0148 jeden zo svojich ob\u013e\u00faben\u00fdch \u0161perkov. Niektor\u00e9 dokonca nosia neust\u00e1le a k tak\u00fdm \u0161perkom patria aj strieborne retiazky.  M\u00f4\u017eu by\u0165 v podobe jemn\u00fdch a tenk\u00fdch preveden\u00ed s drobn\u00fdm pr\u00edveskom, ale tie\u017e v\u00fdrazn\u00e9, luxusn\u00e9 a extravagantn\u00e9, ktor\u00e9 sa hodia na sl\u00e1vnostn\u00e9 i pr\u00edsne form\u00e1lne akcie.Na krku tento \u0161perk nech\u00fdba ani v pracovnom nasaden\u00ed, preto\u017ee pr\u00e1ve doplnky vzbudzuj\u00fa dobr\u00fd dojem a p\u00f4sobia pr\u00edjemne v ka\u017edom okamihu.Strieborne retiazkyv\u0161ak nie s\u00fa tradi\u010dnou okrasou len \u017eien, ale nosia ich aj mu\u017ei.V preveden\u00ed, ktor\u00e9 sa viac hod\u00ed pre p\u00e1nske pokolenie, ale rovnako pr\u00edjemn\u00e9 a vzbudzuj\u00face pozornos\u0165 v dobrom slova zmysle.Aj p\u00e1ni si potrpia na pekn\u00e9 doplnky a tento druh \u0161perku im n\u00e1ramne pristane a dok\u00e1\u017ee zv\u00fdrazni\u0165 aj ich mu\u017enos\u0165. Naopak \u017eien tento druh \u0161perku zase zv\u00fdraz\u0148uje \u017eensk\u00fa kr\u00e1su a jemnos\u0165.  \u017deny si okrem r\u00f4zneho prevedenia m\u00f4\u017eu vybera\u0165 aj r\u00f4zne d\u013a\u017eky. I d\u013a\u017eka m\u00e1 pr\u00e1ve dos\u0165 ve\u013ek\u00fd v\u00fdznam na krku \u017eeny a dok\u00e1\u017ee dokonca opticky z\u00fa\u017ei\u0165 postavu t\u00fdch \u017eien, ktor\u00e9 nie s\u00fa pr\u00edli\u0161 vysok\u00e9 \u010di \u0161t\u00edhle. Zo v\u0161etk\u00e9ho sa d\u00e1 spravi\u0165 prednos\u0165 a tak i kr\u00e1snym \u0161perkom sa nechaj\u00fa zakry\u0165 nedostatky a naopak zv\u00fdrazni\u0165 kr\u00e1sa, ktor\u00e1 sa skr\u00fdva v ka\u017edej \u017eene.Okrem \u0161perkov na be\u017en\u00e9 denn\u00e9 nosenie m\u00f4\u017ee va\u0161a \u0161perkovnica obsahova\u0165 aj k\u00fasky na r\u00f4zne spolo\u010densk\u00e9 pr\u00edle\u017eitosti a v\u00fdznamn\u00e9 udalosti. S\u00fa obvykle v\u00fdraznej\u0161ie a kombinovan\u00e9 n\u00e1u\u0161nicami \u010di n\u00e1ramkami a prste\u0148mi a zd\u00f4raz\u0148uj\u00fa sl\u00e1vnostn\u00fd \u0161t\u00fdl.Okrem estetick\u00e9ho designu je d\u00f4le\u017eit\u00e1 tie\u017e kvalita a pravos\u0165 materi\u00e1lu, preto\u017ee \u010dasto sa jedn\u00e1 o napodobeniny, ktor\u00e9 s\u00fa z \u00faplne in\u00fdch materi\u00e1lov, ne\u017e je prav\u00e9 striebro \u010di zlato.                                                                                                                                                                                                                                                                                                                                                                                                  "},{"@context":"https:\/\/schema.org\/","@type":"BreadcrumbList","itemListElement":[{"@type":"ListItem","position":1,"name":"K \u017eene patria aj tradi\u010dn\u00e9 \u0161perky","item":"https:\/\/www.basalt.sk\/k-zene-patria-aj-tradicne-sperky\/#breadcrumbitem"}]}]